{"id":3790,"date":"2020-06-19T11:19:35","date_gmt":"2020-06-19T09:19:35","guid":{"rendered":"https:\/\/falken-trade.com\/?p=3790"},"modified":"2020-06-19T11:19:35","modified_gmt":"2020-06-19T09:19:35","slug":"10th-anniversary-of-falken-trade-in-poland","status":"publish","type":"post","link":"https:\/\/falken-trade.com\/en\/10th-anniversary-of-falken-trade-in-poland\/","title":{"rendered":"10th Anniversary of Falken Trade in Poland."},"content":{"rendered":"<p><span class=\"tlid-translation translation\" lang=\"en\"><span class=\"\" title=\"\">On January 10, we solemnly summarized the past year 2019. It was a unique event because of the 10th Anniversary of Falken Trade in Poland.<\/span> <span class=\"\" title=\"\">This event was an excellent opportunity to sum up, reflect and reflect on what we have achieved over the past 10 years and what we would have done differently in retrospect.<\/span> <span class=\"\" title=\"\">10 years is a period of hard work and building a harmonious team, which has resulted in gaining a well-established position on the demanding market of functional food and feed additives.<\/span><\/span><\/p>\n<p><span class=\"\" title=\"\">After the official part, full of memories, anecdotes and wishes for the next 10 years, we had a nice time together with our clients until dawn with the music of the Mega Band from Bialystok.<\/span><\/p>\n","protected":false},"excerpt":{"rendered":"<p>On January 10, we solemnly summarized the past year 2019. It was a unique event because of the 10th Anniversary of Falken Trade in Poland. This event was an excellent opportunity to sum up, reflect and reflect on what we have achieved over the past 10 years and what we would have done differently in [&hellip;]<\/p>\n","protected":false},"author":1,"featured_media":3740,"comment_status":"closed","ping_status":"closed","sticky":false,"template":"","format":"standard","meta":{"footnotes":""},"categories":[56],"tags":[],"class_list":["post-3790","post","type-post","status-publish","format-standard","has-post-thumbnail","hentry","category-company-life"],"yoast_head":"<!-- This site is optimized with the Yoast SEO plugin v23.8 - https:\/\/yoast.com\/wordpress\/plugins\/seo\/ -->\n<title>10th Anniversary of Falken Trade in Poland. - Falken Trade - sklep z dodatkami funkcjonalnymi do \u017cywo\u015bci i pasz<\/title>\n<meta name=\"robots\" content=\"index, follow, max-snippet:-1, max-image-preview:large, max-video-preview:-1\" \/>\n<link rel=\"canonical\" href=\"https:\/\/falken-trade.com\/en\/10th-anniversary-of-falken-trade-in-poland\/\" \/>\n<meta property=\"og:locale\" content=\"en_US\" \/>\n<meta property=\"og:type\" content=\"article\" \/>\n<meta property=\"og:title\" content=\"10th Anniversary of Falken Trade in Poland. - Falken Trade - sklep z dodatkami funkcjonalnymi do \u017cywo\u015bci i pasz\" \/>\n<meta property=\"og:description\" content=\"On January 10, we solemnly summarized the past year 2019. It was a unique event because of the 10th Anniversary of Falken Trade in Poland. This event was an excellent opportunity to sum up, reflect and reflect on what we have achieved over the past 10 years and what we would have done differently in [&hellip;]\" \/>\n<meta property=\"og:url\" content=\"https:\/\/falken-trade.com\/en\/10th-anniversary-of-falken-trade-in-poland\/\" \/>\n<meta property=\"og:site_name\" content=\"Falken Trade - sklep z dodatkami funkcjonalnymi do \u017cywo\u015bci i pasz\" \/>\n<meta property=\"article:publisher\" content=\"https:\/\/www.facebook.com\/falkentrade\/\" \/>\n<meta property=\"article:published_time\" content=\"2020-06-19T09:19:35+00:00\" \/>\n<meta property=\"og:image\" content=\"https:\/\/falken-trade.com\/wp-content\/uploads\/2020\/06\/grup\u00f3wka-www.jpg\" \/>\n\t<meta property=\"og:image:width\" content=\"1032\" \/>\n\t<meta property=\"og:image:height\" content=\"627\" \/>\n\t<meta property=\"og:image:type\" content=\"image\/jpeg\" \/>\n<meta name=\"author\" content=\"Falken Trade\" \/>\n<meta name=\"twitter:card\" content=\"summary_large_image\" \/>\n<meta name=\"twitter:label1\" content=\"Written by\" \/>\n\t<meta name=\"twitter:data1\" content=\"Falken Trade\" \/>\n\t<meta name=\"twitter:label2\" content=\"Est. reading time\" \/>\n\t<meta name=\"twitter:data2\" content=\"1 minute\" \/>\n<script type=\"application\/ld+json\" class=\"yoast-schema-graph\">{\"@context\":\"https:\/\/schema.org\",\"@graph\":[{\"@type\":\"Article\",\"@id\":\"https:\/\/falken-trade.com\/en\/10th-anniversary-of-falken-trade-in-poland\/#article\",\"isPartOf\":{\"@id\":\"https:\/\/falken-trade.com\/en\/10th-anniversary-of-falken-trade-in-poland\/\"},\"author\":{\"name\":\"Falken Trade\",\"@id\":\"https:\/\/falken-trade.com\/#\/schema\/person\/070627563b54d42414ad9dee20bab19b\"},\"headline\":\"10th Anniversary of Falken Trade in Poland.\",\"datePublished\":\"2020-06-19T09:19:35+00:00\",\"dateModified\":\"2020-06-19T09:19:35+00:00\",\"mainEntityOfPage\":{\"@id\":\"https:\/\/falken-trade.com\/en\/10th-anniversary-of-falken-trade-in-poland\/\"},\"wordCount\":124,\"publisher\":{\"@id\":\"https:\/\/falken-trade.com\/#organization\"},\"image\":{\"@id\":\"https:\/\/falken-trade.com\/en\/10th-anniversary-of-falken-trade-in-poland\/#primaryimage\"},\"thumbnailUrl\":\"https:\/\/falken-trade.com\/wp-content\/uploads\/2020\/06\/grup\u00f3wka-www.jpg\",\"articleSection\":[\"Company life\"],\"inLanguage\":\"en-US\"},{\"@type\":\"WebPage\",\"@id\":\"https:\/\/falken-trade.com\/en\/10th-anniversary-of-falken-trade-in-poland\/\",\"url\":\"https:\/\/falken-trade.com\/en\/10th-anniversary-of-falken-trade-in-poland\/\",\"name\":\"10th Anniversary of Falken Trade in Poland. - Falken Trade - sklep z dodatkami funkcjonalnymi do \u017cywo\u015bci i pasz\",\"isPartOf\":{\"@id\":\"https:\/\/falken-trade.com\/#website\"},\"primaryImageOfPage\":{\"@id\":\"https:\/\/falken-trade.com\/en\/10th-anniversary-of-falken-trade-in-poland\/#primaryimage\"},\"image\":{\"@id\":\"https:\/\/falken-trade.com\/en\/10th-anniversary-of-falken-trade-in-poland\/#primaryimage\"},\"thumbnailUrl\":\"https:\/\/falken-trade.com\/wp-content\/uploads\/2020\/06\/grup\u00f3wka-www.jpg\",\"datePublished\":\"2020-06-19T09:19:35+00:00\",\"dateModified\":\"2020-06-19T09:19:35+00:00\",\"breadcrumb\":{\"@id\":\"https:\/\/falken-trade.com\/en\/10th-anniversary-of-falken-trade-in-poland\/#breadcrumb\"},\"inLanguage\":\"en-US\",\"potentialAction\":[{\"@type\":\"ReadAction\",\"target\":[\"https:\/\/falken-trade.com\/en\/10th-anniversary-of-falken-trade-in-poland\/\"]}]},{\"@type\":\"ImageObject\",\"inLanguage\":\"en-US\",\"@id\":\"https:\/\/falken-trade.com\/en\/10th-anniversary-of-falken-trade-in-poland\/#primaryimage\",\"url\":\"https:\/\/falken-trade.com\/wp-content\/uploads\/2020\/06\/grup\u00f3wka-www.jpg\",\"contentUrl\":\"https:\/\/falken-trade.com\/wp-content\/uploads\/2020\/06\/grup\u00f3wka-www.jpg\",\"width\":1032,\"height\":627,\"caption\":\"Pracownicy Falken Trade podczas balu\"},{\"@type\":\"BreadcrumbList\",\"@id\":\"https:\/\/falken-trade.com\/en\/10th-anniversary-of-falken-trade-in-poland\/#breadcrumb\",\"itemListElement\":[{\"@type\":\"ListItem\",\"position\":1,\"name\":\"Strona g\u0142\u00f3wna\",\"item\":\"https:\/\/falken-trade.com\/en\/strona-glowna\/\"},{\"@type\":\"ListItem\",\"position\":2,\"name\":\"10th Anniversary of Falken Trade in Poland.\"}]},{\"@type\":\"WebSite\",\"@id\":\"https:\/\/falken-trade.com\/#website\",\"url\":\"https:\/\/falken-trade.com\/\",\"name\":\"Falken Trade - sklep z dodatkami funkcjonalnymi do \u017cywno\u015bci i pasz\",\"description\":\"Dystrybutor dodatk\u00f3w \u017cywno\u015bciowych i dodatk\u00f3w do pasz\",\"publisher\":{\"@id\":\"https:\/\/falken-trade.com\/#organization\"},\"alternateName\":\"sklep z dodatkami funkcjonalnymi do \u017cywno\u015bci i pasz\",\"potentialAction\":[{\"@type\":\"SearchAction\",\"target\":{\"@type\":\"EntryPoint\",\"urlTemplate\":\"https:\/\/falken-trade.com\/?s={search_term_string}\"},\"query-input\":{\"@type\":\"PropertyValueSpecification\",\"valueRequired\":true,\"valueName\":\"search_term_string\"}}],\"inLanguage\":\"en-US\"},{\"@type\":\"Organization\",\"@id\":\"https:\/\/falken-trade.com\/#organization\",\"name\":\"Falken Trade Polska\",\"url\":\"https:\/\/falken-trade.com\/\",\"logo\":{\"@type\":\"ImageObject\",\"inLanguage\":\"en-US\",\"@id\":\"https:\/\/falken-trade.com\/#\/schema\/logo\/image\/\",\"url\":\"https:\/\/falken-trade.com\/wp-content\/uploads\/2021\/10\/Logo-new-z-podpisem-scaled.jpg\",\"contentUrl\":\"https:\/\/falken-trade.com\/wp-content\/uploads\/2021\/10\/Logo-new-z-podpisem-scaled.jpg\",\"width\":2560,\"height\":941,\"caption\":\"Falken Trade Polska\"},\"image\":{\"@id\":\"https:\/\/falken-trade.com\/#\/schema\/logo\/image\/\"},\"sameAs\":[\"https:\/\/www.facebook.com\/falkentrade\/\",\"https:\/\/www.linkedin.com\/company\/19018107\/admin\/\"]},{\"@type\":\"Person\",\"@id\":\"https:\/\/falken-trade.com\/#\/schema\/person\/070627563b54d42414ad9dee20bab19b\",\"name\":\"Falken Trade\"}]}<\/script>\n<!-- \/ Yoast SEO plugin. -->","yoast_head_json":{"title":"10th Anniversary of Falken Trade in Poland. - Falken Trade - sklep z dodatkami funkcjonalnymi do \u017cywo\u015bci i pasz","robots":{"index":"index","follow":"follow","max-snippet":"max-snippet:-1","max-image-preview":"max-image-preview:large","max-video-preview":"max-video-preview:-1"},"canonical":"https:\/\/falken-trade.com\/en\/10th-anniversary-of-falken-trade-in-poland\/","og_locale":"en_US","og_type":"article","og_title":"10th Anniversary of Falken Trade in Poland. - Falken Trade - sklep z dodatkami funkcjonalnymi do \u017cywo\u015bci i pasz","og_description":"On January 10, we solemnly summarized the past year 2019. It was a unique event because of the 10th Anniversary of Falken Trade in Poland. This event was an excellent opportunity to sum up, reflect and reflect on what we have achieved over the past 10 years and what we would have done differently in [&hellip;]","og_url":"https:\/\/falken-trade.com\/en\/10th-anniversary-of-falken-trade-in-poland\/","og_site_name":"Falken Trade - sklep z dodatkami funkcjonalnymi do \u017cywo\u015bci i pasz","article_publisher":"https:\/\/www.facebook.com\/falkentrade\/","article_published_time":"2020-06-19T09:19:35+00:00","og_image":[{"width":1032,"height":627,"url":"https:\/\/falken-trade.com\/wp-content\/uploads\/2020\/06\/grup\u00f3wka-www.jpg","type":"image\/jpeg"}],"author":"Falken Trade","twitter_card":"summary_large_image","twitter_misc":{"Written by":"Falken Trade","Est. reading time":"1 minute"},"schema":{"@context":"https:\/\/schema.org","@graph":[{"@type":"Article","@id":"https:\/\/falken-trade.com\/en\/10th-anniversary-of-falken-trade-in-poland\/#article","isPartOf":{"@id":"https:\/\/falken-trade.com\/en\/10th-anniversary-of-falken-trade-in-poland\/"},"author":{"name":"Falken Trade","@id":"https:\/\/falken-trade.com\/#\/schema\/person\/070627563b54d42414ad9dee20bab19b"},"headline":"10th Anniversary of Falken Trade in Poland.","datePublished":"2020-06-19T09:19:35+00:00","dateModified":"2020-06-19T09:19:35+00:00","mainEntityOfPage":{"@id":"https:\/\/falken-trade.com\/en\/10th-anniversary-of-falken-trade-in-poland\/"},"wordCount":124,"publisher":{"@id":"https:\/\/falken-trade.com\/#organization"},"image":{"@id":"https:\/\/falken-trade.com\/en\/10th-anniversary-of-falken-trade-in-poland\/#primaryimage"},"thumbnailUrl":"https:\/\/falken-trade.com\/wp-content\/uploads\/2020\/06\/grup\u00f3wka-www.jpg","articleSection":["Company life"],"inLanguage":"en-US"},{"@type":"WebPage","@id":"https:\/\/falken-trade.com\/en\/10th-anniversary-of-falken-trade-in-poland\/","url":"https:\/\/falken-trade.com\/en\/10th-anniversary-of-falken-trade-in-poland\/","name":"10th Anniversary of Falken Trade in Poland. - Falken Trade - sklep z dodatkami funkcjonalnymi do \u017cywo\u015bci i pasz","isPartOf":{"@id":"https:\/\/falken-trade.com\/#website"},"primaryImageOfPage":{"@id":"https:\/\/falken-trade.com\/en\/10th-anniversary-of-falken-trade-in-poland\/#primaryimage"},"image":{"@id":"https:\/\/falken-trade.com\/en\/10th-anniversary-of-falken-trade-in-poland\/#primaryimage"},"thumbnailUrl":"https:\/\/falken-trade.com\/wp-content\/uploads\/2020\/06\/grup\u00f3wka-www.jpg","datePublished":"2020-06-19T09:19:35+00:00","dateModified":"2020-06-19T09:19:35+00:00","breadcrumb":{"@id":"https:\/\/falken-trade.com\/en\/10th-anniversary-of-falken-trade-in-poland\/#breadcrumb"},"inLanguage":"en-US","potentialAction":[{"@type":"ReadAction","target":["https:\/\/falken-trade.com\/en\/10th-anniversary-of-falken-trade-in-poland\/"]}]},{"@type":"ImageObject","inLanguage":"en-US","@id":"https:\/\/falken-trade.com\/en\/10th-anniversary-of-falken-trade-in-poland\/#primaryimage","url":"https:\/\/falken-trade.com\/wp-content\/uploads\/2020\/06\/grup\u00f3wka-www.jpg","contentUrl":"https:\/\/falken-trade.com\/wp-content\/uploads\/2020\/06\/grup\u00f3wka-www.jpg","width":1032,"height":627,"caption":"Pracownicy Falken Trade podczas balu"},{"@type":"BreadcrumbList","@id":"https:\/\/falken-trade.com\/en\/10th-anniversary-of-falken-trade-in-poland\/#breadcrumb","itemListElement":[{"@type":"ListItem","position":1,"name":"Strona g\u0142\u00f3wna","item":"https:\/\/falken-trade.com\/en\/strona-glowna\/"},{"@type":"ListItem","position":2,"name":"10th Anniversary of Falken Trade in Poland."}]},{"@type":"WebSite","@id":"https:\/\/falken-trade.com\/#website","url":"https:\/\/falken-trade.com\/","name":"Falken Trade - sklep z dodatkami funkcjonalnymi do \u017cywno\u015bci i pasz","description":"Dystrybutor dodatk\u00f3w \u017cywno\u015bciowych i dodatk\u00f3w do pasz","publisher":{"@id":"https:\/\/falken-trade.com\/#organization"},"alternateName":"sklep z dodatkami funkcjonalnymi do \u017cywno\u015bci i pasz","potentialAction":[{"@type":"SearchAction","target":{"@type":"EntryPoint","urlTemplate":"https:\/\/falken-trade.com\/?s={search_term_string}"},"query-input":{"@type":"PropertyValueSpecification","valueRequired":true,"valueName":"search_term_string"}}],"inLanguage":"en-US"},{"@type":"Organization","@id":"https:\/\/falken-trade.com\/#organization","name":"Falken Trade Polska","url":"https:\/\/falken-trade.com\/","logo":{"@type":"ImageObject","inLanguage":"en-US","@id":"https:\/\/falken-trade.com\/#\/schema\/logo\/image\/","url":"https:\/\/falken-trade.com\/wp-content\/uploads\/2021\/10\/Logo-new-z-podpisem-scaled.jpg","contentUrl":"https:\/\/falken-trade.com\/wp-content\/uploads\/2021\/10\/Logo-new-z-podpisem-scaled.jpg","width":2560,"height":941,"caption":"Falken Trade Polska"},"image":{"@id":"https:\/\/falken-trade.com\/#\/schema\/logo\/image\/"},"sameAs":["https:\/\/www.facebook.com\/falkentrade\/","https:\/\/www.linkedin.com\/company\/19018107\/admin\/"]},{"@type":"Person","@id":"https:\/\/falken-trade.com\/#\/schema\/person\/070627563b54d42414ad9dee20bab19b","name":"Falken Trade"}]}},"_links":{"self":[{"href":"https:\/\/falken-trade.com\/en\/wp-json\/wp\/v2\/posts\/3790"}],"collection":[{"href":"https:\/\/falken-trade.com\/en\/wp-json\/wp\/v2\/posts"}],"about":[{"href":"https:\/\/falken-trade.com\/en\/wp-json\/wp\/v2\/types\/post"}],"author":[{"embeddable":true,"href":"https:\/\/falken-trade.com\/en\/wp-json\/wp\/v2\/users\/1"}],"replies":[{"embeddable":true,"href":"https:\/\/falken-trade.com\/en\/wp-json\/wp\/v2\/comments?post=3790"}],"version-history":[{"count":4,"href":"https:\/\/falken-trade.com\/en\/wp-json\/wp\/v2\/posts\/3790\/revisions"}],"predecessor-version":[{"id":3808,"href":"https:\/\/falken-trade.com\/en\/wp-json\/wp\/v2\/posts\/3790\/revisions\/3808"}],"wp:featuredmedia":[{"embeddable":true,"href":"https:\/\/falken-trade.com\/en\/wp-json\/wp\/v2\/media\/3740"}],"wp:attachment":[{"href":"https:\/\/falken-trade.com\/en\/wp-json\/wp\/v2\/media?parent=3790"}],"wp:term":[{"taxonomy":"category","embeddable":true,"href":"https:\/\/falken-trade.com\/en\/wp-json\/wp\/v2\/categories?post=3790"},{"taxonomy":"post_tag","embeddable":true,"href":"https:\/\/falken-trade.com\/en\/wp-json\/wp\/v2\/tags?post=3790"}],"curies":[{"name":"wp","href":"https:\/\/api.w.org\/{rel}","templated":true}]}}