{"id":4502,"date":"2020-10-09T10:46:17","date_gmt":"2020-10-09T08:46:17","guid":{"rendered":"https:\/\/falken-trade.com\/?p=4502"},"modified":"2020-10-09T10:47:01","modified_gmt":"2020-10-09T08:47:01","slug":"targi-food-ingredients-europe","status":"publish","type":"post","link":"https:\/\/falken-trade.com\/de\/targi-food-ingredients-europe\/","title":{"rendered":"Fair &#8211; Lebensmittelzutaten Europa"},"content":{"rendered":"<p>Vom 3. bis 5. Dezember nahmen wir an der gr\u00f6\u00dften Industriemesse in Europa teil &#8211; Food Ingredients Europe. Die diesj\u00e4hrige Ausgabe fand in Paris statt. Unter \u00fcber 27.000 Teilnehmern dieser Veranstaltung haben wir viele unserer Kunden und viele Lieferanten getroffen. Die Messe war eine gro\u00dfartige Gelegenheit, um Gesch\u00e4ftsgespr\u00e4che zu f\u00fchren und zu st\u00e4rken.<\/p>\n","protected":false},"excerpt":{"rendered":"<p>Vom 3. bis 5. Dezember nahmen wir an der gr\u00f6\u00dften Industriemesse in Europa teil &#8211; Food Ingredients Europe. Die diesj\u00e4hrige Ausgabe fand in Paris statt. Unter \u00fcber 27.000 Teilnehmern dieser Veranstaltung haben wir viele unserer Kunden und viele Lieferanten getroffen. Die Messe war eine gro\u00dfartige Gelegenheit, um Gesch\u00e4ftsgespr\u00e4che zu f\u00fchren und zu st\u00e4rken.<\/p>\n","protected":false},"author":2,"featured_media":2125,"comment_status":"closed","ping_status":"closed","sticky":false,"template":"","format":"standard","meta":{"footnotes":""},"categories":[28],"tags":[],"class_list":["post-4502","post","type-post","status-publish","format-standard","has-post-thumbnail","hentry","category-unkategorisiert"],"yoast_head":"<!-- This site is optimized with the Yoast SEO plugin v23.8 - https:\/\/yoast.com\/wordpress\/plugins\/seo\/ -->\n<title>Fair - Lebensmittelzutaten Europa - Falken Trade - sklep z dodatkami funkcjonalnymi do \u017cywo\u015bci i pasz<\/title>\n<meta name=\"robots\" content=\"index, follow, max-snippet:-1, max-image-preview:large, max-video-preview:-1\" \/>\n<link rel=\"canonical\" href=\"https:\/\/falken-trade.com\/de\/targi-food-ingredients-europe\/\" \/>\n<meta property=\"og:locale\" content=\"de_DE\" \/>\n<meta property=\"og:type\" content=\"article\" \/>\n<meta property=\"og:title\" content=\"Fair - Lebensmittelzutaten Europa - Falken Trade - sklep z dodatkami funkcjonalnymi do \u017cywo\u015bci i pasz\" \/>\n<meta property=\"og:description\" content=\"Vom 3. bis 5. Dezember nahmen wir an der gr\u00f6\u00dften Industriemesse in Europa teil &#8211; Food Ingredients Europe. Die diesj\u00e4hrige Ausgabe fand in Paris statt. Unter \u00fcber 27.000 Teilnehmern dieser Veranstaltung haben wir viele unserer Kunden und viele Lieferanten getroffen. Die Messe war eine gro\u00dfartige Gelegenheit, um Gesch\u00e4ftsgespr\u00e4che zu f\u00fchren und zu st\u00e4rken.\" \/>\n<meta property=\"og:url\" content=\"https:\/\/falken-trade.com\/de\/targi-food-ingredients-europe\/\" \/>\n<meta property=\"og:site_name\" content=\"Falken Trade - sklep z dodatkami funkcjonalnymi do \u017cywo\u015bci i pasz\" \/>\n<meta property=\"article:publisher\" content=\"https:\/\/www.facebook.com\/falkentrade\/\" \/>\n<meta property=\"article:published_time\" content=\"2020-10-09T08:46:17+00:00\" \/>\n<meta property=\"article:modified_time\" content=\"2020-10-09T08:47:01+00:00\" \/>\n<meta property=\"og:image\" content=\"https:\/\/falken-trade.com\/wp-content\/uploads\/2020\/02\/Obraz1.jpg\" \/>\n\t<meta property=\"og:image:width\" content=\"605\" \/>\n\t<meta property=\"og:image:height\" content=\"294\" \/>\n\t<meta property=\"og:image:type\" content=\"image\/jpeg\" \/>\n<meta name=\"author\" content=\"Adrian Kwiatkowski\" \/>\n<meta name=\"twitter:card\" content=\"summary_large_image\" \/>\n<meta name=\"twitter:label1\" content=\"Verfasst von\" \/>\n\t<meta name=\"twitter:data1\" content=\"Adrian Kwiatkowski\" \/>\n<script type=\"application\/ld+json\" class=\"yoast-schema-graph\">{\"@context\":\"https:\/\/schema.org\",\"@graph\":[{\"@type\":\"Article\",\"@id\":\"https:\/\/falken-trade.com\/de\/targi-food-ingredients-europe\/#article\",\"isPartOf\":{\"@id\":\"https:\/\/falken-trade.com\/de\/targi-food-ingredients-europe\/\"},\"author\":{\"name\":\"Adrian Kwiatkowski\",\"@id\":\"https:\/\/falken-trade.com\/#\/schema\/person\/6dab4006ba5a6facf40b33dbbd896ffb\"},\"headline\":\"Fair &#8211; Lebensmittelzutaten Europa\",\"datePublished\":\"2020-10-09T08:46:17+00:00\",\"dateModified\":\"2020-10-09T08:47:01+00:00\",\"mainEntityOfPage\":{\"@id\":\"https:\/\/falken-trade.com\/de\/targi-food-ingredients-europe\/\"},\"wordCount\":61,\"publisher\":{\"@id\":\"https:\/\/falken-trade.com\/#organization\"},\"image\":{\"@id\":\"https:\/\/falken-trade.com\/de\/targi-food-ingredients-europe\/#primaryimage\"},\"thumbnailUrl\":\"https:\/\/falken-trade.com\/wp-content\/uploads\/2020\/02\/Obraz1.jpg\",\"articleSection\":[\"Unkategorisiert\"],\"inLanguage\":\"de\"},{\"@type\":\"WebPage\",\"@id\":\"https:\/\/falken-trade.com\/de\/targi-food-ingredients-europe\/\",\"url\":\"https:\/\/falken-trade.com\/de\/targi-food-ingredients-europe\/\",\"name\":\"Fair - Lebensmittelzutaten Europa - Falken Trade - sklep z dodatkami funkcjonalnymi do \u017cywo\u015bci i pasz\",\"isPartOf\":{\"@id\":\"https:\/\/falken-trade.com\/#website\"},\"primaryImageOfPage\":{\"@id\":\"https:\/\/falken-trade.com\/de\/targi-food-ingredients-europe\/#primaryimage\"},\"image\":{\"@id\":\"https:\/\/falken-trade.com\/de\/targi-food-ingredients-europe\/#primaryimage\"},\"thumbnailUrl\":\"https:\/\/falken-trade.com\/wp-content\/uploads\/2020\/02\/Obraz1.jpg\",\"datePublished\":\"2020-10-09T08:46:17+00:00\",\"dateModified\":\"2020-10-09T08:47:01+00:00\",\"breadcrumb\":{\"@id\":\"https:\/\/falken-trade.com\/de\/targi-food-ingredients-europe\/#breadcrumb\"},\"inLanguage\":\"de\",\"potentialAction\":[{\"@type\":\"ReadAction\",\"target\":[\"https:\/\/falken-trade.com\/de\/targi-food-ingredients-europe\/\"]}]},{\"@type\":\"ImageObject\",\"inLanguage\":\"de\",\"@id\":\"https:\/\/falken-trade.com\/de\/targi-food-ingredients-europe\/#primaryimage\",\"url\":\"https:\/\/falken-trade.com\/wp-content\/uploads\/2020\/02\/Obraz1.jpg\",\"contentUrl\":\"https:\/\/falken-trade.com\/wp-content\/uploads\/2020\/02\/Obraz1.jpg\",\"width\":605,\"height\":294,\"caption\":\"Pracownicy falken Trade na targach\"},{\"@type\":\"BreadcrumbList\",\"@id\":\"https:\/\/falken-trade.com\/de\/targi-food-ingredients-europe\/#breadcrumb\",\"itemListElement\":[{\"@type\":\"ListItem\",\"position\":1,\"name\":\"Strona g\u0142\u00f3wna\",\"item\":\"https:\/\/falken-trade.com\/de\/strona-glowna\/\"},{\"@type\":\"ListItem\",\"position\":2,\"name\":\"Fair &#8211; Lebensmittelzutaten Europa\"}]},{\"@type\":\"WebSite\",\"@id\":\"https:\/\/falken-trade.com\/#website\",\"url\":\"https:\/\/falken-trade.com\/\",\"name\":\"Falken Trade - sklep z dodatkami funkcjonalnymi do \u017cywno\u015bci i pasz\",\"description\":\"Dystrybutor dodatk\u00f3w \u017cywno\u015bciowych i dodatk\u00f3w do pasz\",\"publisher\":{\"@id\":\"https:\/\/falken-trade.com\/#organization\"},\"alternateName\":\"sklep z dodatkami funkcjonalnymi do \u017cywno\u015bci i pasz\",\"potentialAction\":[{\"@type\":\"SearchAction\",\"target\":{\"@type\":\"EntryPoint\",\"urlTemplate\":\"https:\/\/falken-trade.com\/?s={search_term_string}\"},\"query-input\":{\"@type\":\"PropertyValueSpecification\",\"valueRequired\":true,\"valueName\":\"search_term_string\"}}],\"inLanguage\":\"de\"},{\"@type\":\"Organization\",\"@id\":\"https:\/\/falken-trade.com\/#organization\",\"name\":\"Falken Trade Polska\",\"url\":\"https:\/\/falken-trade.com\/\",\"logo\":{\"@type\":\"ImageObject\",\"inLanguage\":\"de\",\"@id\":\"https:\/\/falken-trade.com\/#\/schema\/logo\/image\/\",\"url\":\"https:\/\/falken-trade.com\/wp-content\/uploads\/2021\/10\/Logo-new-z-podpisem-scaled.jpg\",\"contentUrl\":\"https:\/\/falken-trade.com\/wp-content\/uploads\/2021\/10\/Logo-new-z-podpisem-scaled.jpg\",\"width\":2560,\"height\":941,\"caption\":\"Falken Trade Polska\"},\"image\":{\"@id\":\"https:\/\/falken-trade.com\/#\/schema\/logo\/image\/\"},\"sameAs\":[\"https:\/\/www.facebook.com\/falkentrade\/\",\"https:\/\/www.linkedin.com\/company\/19018107\/admin\/\"]},{\"@type\":\"Person\",\"@id\":\"https:\/\/falken-trade.com\/#\/schema\/person\/6dab4006ba5a6facf40b33dbbd896ffb\",\"name\":\"Adrian Kwiatkowski\"}]}<\/script>\n<!-- \/ Yoast SEO plugin. -->","yoast_head_json":{"title":"Fair - Lebensmittelzutaten Europa - Falken Trade - sklep z dodatkami funkcjonalnymi do \u017cywo\u015bci i pasz","robots":{"index":"index","follow":"follow","max-snippet":"max-snippet:-1","max-image-preview":"max-image-preview:large","max-video-preview":"max-video-preview:-1"},"canonical":"https:\/\/falken-trade.com\/de\/targi-food-ingredients-europe\/","og_locale":"de_DE","og_type":"article","og_title":"Fair - Lebensmittelzutaten Europa - Falken Trade - sklep z dodatkami funkcjonalnymi do \u017cywo\u015bci i pasz","og_description":"Vom 3. bis 5. Dezember nahmen wir an der gr\u00f6\u00dften Industriemesse in Europa teil &#8211; Food Ingredients Europe. Die diesj\u00e4hrige Ausgabe fand in Paris statt. Unter \u00fcber 27.000 Teilnehmern dieser Veranstaltung haben wir viele unserer Kunden und viele Lieferanten getroffen. Die Messe war eine gro\u00dfartige Gelegenheit, um Gesch\u00e4ftsgespr\u00e4che zu f\u00fchren und zu st\u00e4rken.","og_url":"https:\/\/falken-trade.com\/de\/targi-food-ingredients-europe\/","og_site_name":"Falken Trade - sklep z dodatkami funkcjonalnymi do \u017cywo\u015bci i pasz","article_publisher":"https:\/\/www.facebook.com\/falkentrade\/","article_published_time":"2020-10-09T08:46:17+00:00","article_modified_time":"2020-10-09T08:47:01+00:00","og_image":[{"width":605,"height":294,"url":"https:\/\/falken-trade.com\/wp-content\/uploads\/2020\/02\/Obraz1.jpg","type":"image\/jpeg"}],"author":"Adrian Kwiatkowski","twitter_card":"summary_large_image","twitter_misc":{"Verfasst von":"Adrian Kwiatkowski"},"schema":{"@context":"https:\/\/schema.org","@graph":[{"@type":"Article","@id":"https:\/\/falken-trade.com\/de\/targi-food-ingredients-europe\/#article","isPartOf":{"@id":"https:\/\/falken-trade.com\/de\/targi-food-ingredients-europe\/"},"author":{"name":"Adrian Kwiatkowski","@id":"https:\/\/falken-trade.com\/#\/schema\/person\/6dab4006ba5a6facf40b33dbbd896ffb"},"headline":"Fair &#8211; Lebensmittelzutaten Europa","datePublished":"2020-10-09T08:46:17+00:00","dateModified":"2020-10-09T08:47:01+00:00","mainEntityOfPage":{"@id":"https:\/\/falken-trade.com\/de\/targi-food-ingredients-europe\/"},"wordCount":61,"publisher":{"@id":"https:\/\/falken-trade.com\/#organization"},"image":{"@id":"https:\/\/falken-trade.com\/de\/targi-food-ingredients-europe\/#primaryimage"},"thumbnailUrl":"https:\/\/falken-trade.com\/wp-content\/uploads\/2020\/02\/Obraz1.jpg","articleSection":["Unkategorisiert"],"inLanguage":"de"},{"@type":"WebPage","@id":"https:\/\/falken-trade.com\/de\/targi-food-ingredients-europe\/","url":"https:\/\/falken-trade.com\/de\/targi-food-ingredients-europe\/","name":"Fair - Lebensmittelzutaten Europa - Falken Trade - sklep z dodatkami funkcjonalnymi do \u017cywo\u015bci i pasz","isPartOf":{"@id":"https:\/\/falken-trade.com\/#website"},"primaryImageOfPage":{"@id":"https:\/\/falken-trade.com\/de\/targi-food-ingredients-europe\/#primaryimage"},"image":{"@id":"https:\/\/falken-trade.com\/de\/targi-food-ingredients-europe\/#primaryimage"},"thumbnailUrl":"https:\/\/falken-trade.com\/wp-content\/uploads\/2020\/02\/Obraz1.jpg","datePublished":"2020-10-09T08:46:17+00:00","dateModified":"2020-10-09T08:47:01+00:00","breadcrumb":{"@id":"https:\/\/falken-trade.com\/de\/targi-food-ingredients-europe\/#breadcrumb"},"inLanguage":"de","potentialAction":[{"@type":"ReadAction","target":["https:\/\/falken-trade.com\/de\/targi-food-ingredients-europe\/"]}]},{"@type":"ImageObject","inLanguage":"de","@id":"https:\/\/falken-trade.com\/de\/targi-food-ingredients-europe\/#primaryimage","url":"https:\/\/falken-trade.com\/wp-content\/uploads\/2020\/02\/Obraz1.jpg","contentUrl":"https:\/\/falken-trade.com\/wp-content\/uploads\/2020\/02\/Obraz1.jpg","width":605,"height":294,"caption":"Pracownicy falken Trade na targach"},{"@type":"BreadcrumbList","@id":"https:\/\/falken-trade.com\/de\/targi-food-ingredients-europe\/#breadcrumb","itemListElement":[{"@type":"ListItem","position":1,"name":"Strona g\u0142\u00f3wna","item":"https:\/\/falken-trade.com\/de\/strona-glowna\/"},{"@type":"ListItem","position":2,"name":"Fair &#8211; Lebensmittelzutaten Europa"}]},{"@type":"WebSite","@id":"https:\/\/falken-trade.com\/#website","url":"https:\/\/falken-trade.com\/","name":"Falken Trade - sklep z dodatkami funkcjonalnymi do \u017cywno\u015bci i pasz","description":"Dystrybutor dodatk\u00f3w \u017cywno\u015bciowych i dodatk\u00f3w do pasz","publisher":{"@id":"https:\/\/falken-trade.com\/#organization"},"alternateName":"sklep z dodatkami funkcjonalnymi do \u017cywno\u015bci i pasz","potentialAction":[{"@type":"SearchAction","target":{"@type":"EntryPoint","urlTemplate":"https:\/\/falken-trade.com\/?s={search_term_string}"},"query-input":{"@type":"PropertyValueSpecification","valueRequired":true,"valueName":"search_term_string"}}],"inLanguage":"de"},{"@type":"Organization","@id":"https:\/\/falken-trade.com\/#organization","name":"Falken Trade Polska","url":"https:\/\/falken-trade.com\/","logo":{"@type":"ImageObject","inLanguage":"de","@id":"https:\/\/falken-trade.com\/#\/schema\/logo\/image\/","url":"https:\/\/falken-trade.com\/wp-content\/uploads\/2021\/10\/Logo-new-z-podpisem-scaled.jpg","contentUrl":"https:\/\/falken-trade.com\/wp-content\/uploads\/2021\/10\/Logo-new-z-podpisem-scaled.jpg","width":2560,"height":941,"caption":"Falken Trade Polska"},"image":{"@id":"https:\/\/falken-trade.com\/#\/schema\/logo\/image\/"},"sameAs":["https:\/\/www.facebook.com\/falkentrade\/","https:\/\/www.linkedin.com\/company\/19018107\/admin\/"]},{"@type":"Person","@id":"https:\/\/falken-trade.com\/#\/schema\/person\/6dab4006ba5a6facf40b33dbbd896ffb","name":"Adrian Kwiatkowski"}]}},"_links":{"self":[{"href":"https:\/\/falken-trade.com\/de\/wp-json\/wp\/v2\/posts\/4502"}],"collection":[{"href":"https:\/\/falken-trade.com\/de\/wp-json\/wp\/v2\/posts"}],"about":[{"href":"https:\/\/falken-trade.com\/de\/wp-json\/wp\/v2\/types\/post"}],"author":[{"embeddable":true,"href":"https:\/\/falken-trade.com\/de\/wp-json\/wp\/v2\/users\/2"}],"replies":[{"embeddable":true,"href":"https:\/\/falken-trade.com\/de\/wp-json\/wp\/v2\/comments?post=4502"}],"version-history":[{"count":3,"href":"https:\/\/falken-trade.com\/de\/wp-json\/wp\/v2\/posts\/4502\/revisions"}],"predecessor-version":[{"id":4506,"href":"https:\/\/falken-trade.com\/de\/wp-json\/wp\/v2\/posts\/4502\/revisions\/4506"}],"wp:featuredmedia":[{"embeddable":true,"href":"https:\/\/falken-trade.com\/de\/wp-json\/wp\/v2\/media\/2125"}],"wp:attachment":[{"href":"https:\/\/falken-trade.com\/de\/wp-json\/wp\/v2\/media?parent=4502"}],"wp:term":[{"taxonomy":"category","embeddable":true,"href":"https:\/\/falken-trade.com\/de\/wp-json\/wp\/v2\/categories?post=4502"},{"taxonomy":"post_tag","embeddable":true,"href":"https:\/\/falken-trade.com\/de\/wp-json\/wp\/v2\/tags?post=4502"}],"curies":[{"name":"wp","href":"https:\/\/api.w.org\/{rel}","templated":true}]}}